{"id":8216,"date":"2021-03-26T21:31:01","date_gmt":"2021-03-26T18:31:01","guid":{"rendered":"http:\/\/eslahkurd.org\/?p=8216"},"modified":"2021-03-26T21:34:22","modified_gmt":"2021-03-26T18:34:22","slug":"hevreziya-qamislo-civatek-rexistini-bi-besdariya-hevreze-gisti-li-darxistin","status":"publish","type":"post","link":"http:\/\/eslahkurd.org\/?p=8216","title":{"rendered":"HEVR\u00caZIYA&#8221; QAMI\u015eLO&#8221; CIVATEK R\u00caXISTIN\u00ce BI BE\u015eDARIYA HEVR\u00caZ\u00ca GI\u015eT\u00ce LI DARXISTIN"},"content":{"rendered":"<p style=\"text-align: left;\">Bi boneya heyva avdar\u00ea \u00fb di nav de,\u00e7end hevd\u00eetin\u00ean r\u00eaxistin\u00ee li d\u00fb hev ji biryar\u00ean hatib\u00fbn sitendin ji aliy\u00ea hevr\u00eaziya gi\u015ft\u00ee. yaTevgera \u00c7aksaziya Kurd\u00ee li S\u00fbriya<br \/>\nDi roja \u00eeniy\u00ea 26.3.2021\u00ea de,hevr\u00eaziya Qami\u015flo civatek r\u00eaxistin\u00ee bi be\u015fdarb\u00fbna hevr\u00eaz\u00ea gi\u015ft\u00ee, mamoste F\u00easel Y\u00fbsif,\u00fb hin ji endam\u00ean of\u00eesa c\u00eebic\u00eekar \u00fb of\u00eesa \u00e7avd\u00eariy\u00ea \u00fbhevr\u00eaziya gi\u015ft\u00ee, li darxistin<\/p>\n<p style=\"text-align: left;\">Herwiha civat\u00ea bi rawestandina k\u00eal\u00eekek b\u00eadeng li ser giyan\u00ean pakrewan\u00ean \u015fore\u015fa r\u00fbmet \u00fb azadiy\u00ea \u00fb bi taybet pakrewan\u00ean Kurd \u00fb Kurdistan destp\u00ea kir<\/p>\n<p style=\"text-align: left;\">p\u00ee\u015ftre hevr\u00eaz\u00ea gi\u015ft\u00ee y\u00ea T\u00c7KS mamoste F\u00easel Y\u00fbsif,hem\u00fb be\u015fdar p\u00eerozbah\u00ee kirin bi boneya cejna Newroz\u00ea,ya ku pirans\u00eepa Azadiy\u00ea \u00fb A\u015f\u00eetiy\u00ea v\u00ea boney\u00ea ragirtiye bi watey\u00ean di t\u00eako\u015f\u00eena gelan de,bo jiyanek r\u00fbmet<\/p>\n<p style=\"text-align: left;\">Herwiha mamoste F\u00easel Y\u00fbsif, hem\u00fb b\u00fbyer\u00ean her\u00ee daw\u00ee y\u00ean siyas\u00ee li ser qada navdewlet\u00ee \u00fb li ser qada S\u00fbriya bi gi\u015ft\u00ee, \u00fb bi taybet li ser qada Kurd\u00ee genge\u015fekirin.<br \/>\n\u00db di derbar\u00ea w\u00ea de,tekez\u00ee li ser giringiya \u00e7areseriya siyas\u00ee \u00fb c\u00eebic\u00eekirina biryara civaka navdewlet\u00ee \/2254\/<\/p>\n<p style=\"text-align: left;\">Herwiha civat rawestiya li ser rew\u015fa abor\u00ee \u00fb estengiy\u00ean jiyan\u00ea, pi\u015ft\u00ee daketina nirx\u00ea l\u00eareya S\u00fbr\u00ee li hember hem\u00fb nirx\u00ean per\u00ean biyan\u00ee bi taybet dolor.<\/p>\n<p style=\"text-align: left;\">Herwiha civat rawestiya li ser rew\u015fa dan\u00fbsitendin\u00ean Kurd\u00ee y\u00ean di navbera ENKS\u00ea \u00fb PYNK\u00ea de.\u00db tekez\u00ee li ser kar ji bo serkeftina yekhelwesta Kurd\u00ee ji bo xizmeta berjewendiy\u00ean gel\u00ea kurd li Kurdistana S\u00fbriya bike<\/p>\n<p style=\"text-align: left;\">Herwiha civat bi awayek\u00ee zelalmend\u00ee rawestiya li ser rew\u015fa r\u00eaxistin\u00ee.\u00db di derbar\u00ea w\u00ea de,hin ner\u00een \u00fb p\u00ea\u015finyar j\u00ee hatin p\u00ea\u015fk\u00ea\u015f kirin ji bo p\u00ea\u015fketina kar\u00ea r\u00eaxistin\u00ee<\/p>\n<p style=\"text-align: left;\">Herwiha hem\u00fb mijar\u00ean di civat\u00ea de, hatin \u015firovekirin.ji aliy\u00ea hem\u00fb be\u015fdaran hatin genge\u015fe kirin bi awayek\u00ee berpirsiyar\u00ee , \u00fb civat di derbar\u00ea ner\u00eenan \u00fb pirsan de, dewlemend b\u00fb<\/p>\n<p style=\"text-align: left;\">Di dawiya civat\u00ea de,hevr\u00eaz\u00ea gi\u015ft\u00ee spasiya hem\u00fb heval\u00ean be\u015fdar kir,li ser kar \u00fb xebata wan ji bo rapirs\u00eena armanc\u00ean gel\u00ea kurd \u00fb r\u00eabaza \u00c7aksaz\u00ee \u00fb Zelalmend\u00ee \u00fb Guhertin<\/p>\n<p style=\"text-align: left;\">Ragihandina T.\u00c7.K.S<\/p>\n<p style=\"text-align: left;\">Raport:El\u00ee Fetah<\/p>\n<p><a href=\"http:\/\/eslahkurd.org\/wp-content\/uploads\/2021\/03\/IMG-20210326-WA0009.jpg\"><img decoding=\"async\" loading=\"lazy\" class=\"alignright size-full wp-image-8217\" src=\"http:\/\/eslahkurd.org\/wp-content\/uploads\/2021\/03\/IMG-20210326-WA0009.jpg\" alt=\"\" width=\"540\" height=\"960\" srcset=\"http:\/\/eslahkurd.org\/wp-content\/uploads\/2021\/03\/IMG-20210326-WA0009.jpg 540w, http:\/\/eslahkurd.org\/wp-content\/uploads\/2021\/03\/IMG-20210326-WA0009-169x300.jpg 169w\" sizes=\"(max-width: 540px) 100vw, 540px\" \/><\/a> <a href=\"http:\/\/eslahkurd.org\/wp-content\/uploads\/2021\/03\/IMG-20210326-WA0008.jpg\"><img decoding=\"async\" loading=\"lazy\" class=\"alignright size-full wp-image-8218\" src=\"http:\/\/eslahkurd.org\/wp-content\/uploads\/2021\/03\/IMG-20210326-WA0008.jpg\" alt=\"\" width=\"1032\" height=\"774\" srcset=\"http:\/\/eslahkurd.org\/wp-content\/uploads\/2021\/03\/IMG-20210326-WA0008.jpg 1032w, http:\/\/eslahkurd.org\/wp-content\/uploads\/2021\/03\/IMG-20210326-WA0008-300x225.jpg 300w, http:\/\/eslahkurd.org\/wp-content\/uploads\/2021\/03\/IMG-20210326-WA0008-768x576.jpg 768w, http:\/\/eslahkurd.org\/wp-content\/uploads\/2021\/03\/IMG-20210326-WA0008-1024x768.jpg 1024w\" sizes=\"(max-width: 1032px) 100vw, 1032px\" \/><\/a> <a href=\"http:\/\/eslahkurd.org\/wp-content\/uploads\/2021\/03\/IMG-20210326-WA0007.jpg\"><img decoding=\"async\" loading=\"lazy\" class=\"alignright size-full wp-image-8219\" src=\"http:\/\/eslahkurd.org\/wp-content\/uploads\/2021\/03\/IMG-20210326-WA0007.jpg\" alt=\"\" width=\"1032\" height=\"774\" srcset=\"http:\/\/eslahkurd.org\/wp-content\/uploads\/2021\/03\/IMG-20210326-WA0007.jpg 1032w, http:\/\/eslahkurd.org\/wp-content\/uploads\/2021\/03\/IMG-20210326-WA0007-300x225.jpg 300w, http:\/\/eslahkurd.org\/wp-content\/uploads\/2021\/03\/IMG-20210326-WA0007-768x576.jpg 768w, http:\/\/eslahkurd.org\/wp-content\/uploads\/2021\/03\/IMG-20210326-WA0007-1024x768.jpg 1024w\" sizes=\"(max-width: 1032px) 100vw, 1032px\" \/><\/a> <a href=\"http:\/\/eslahkurd.org\/wp-content\/uploads\/2021\/03\/IMG-20210326-WA0006.jpg\"><img decoding=\"async\" loading=\"lazy\" class=\"alignright size-full wp-image-8220\" src=\"http:\/\/eslahkurd.org\/wp-content\/uploads\/2021\/03\/IMG-20210326-WA0006.jpg\" alt=\"\" width=\"1032\" height=\"774\" srcset=\"http:\/\/eslahkurd.org\/wp-content\/uploads\/2021\/03\/IMG-20210326-WA0006.jpg 1032w, http:\/\/eslahkurd.org\/wp-content\/uploads\/2021\/03\/IMG-20210326-WA0006-300x225.jpg 300w, http:\/\/eslahkurd.org\/wp-content\/uploads\/2021\/03\/IMG-20210326-WA0006-768x576.jpg 768w, http:\/\/eslahkurd.org\/wp-content\/uploads\/2021\/03\/IMG-20210326-WA0006-1024x768.jpg 1024w\" sizes=\"(max-width: 1032px) 100vw, 1032px\" \/><\/a><\/p>\n","protected":false},"excerpt":{"rendered":"<p>Bi boneya heyva avdar\u00ea \u00fb di nav de,\u00e7end hevd\u00eetin\u00ean r\u00eaxistin\u00ee li d\u00fb hev ji biryar\u00ean hatib\u00fbn sitendin ji aliy\u00ea hevr\u00eaziya gi\u015ft\u00ee. yaTevgera \u00c7aksaziya Kurd\u00ee li S\u00fbriya Di roja \u00eeniy\u00ea 26.3.2021\u00ea de,hevr\u00eaziya Qami\u015flo civatek r\u00eaxistin\u00ee bi be\u015fdarb\u00fbna hevr\u00eaz\u00ea gi\u015ft\u00ee, mamoste F\u00easel Y\u00fbsif,\u00fb hin ji endam\u00ean of\u00eesa c\u00eebic\u00eekar \u00fb of\u00eesa \u00e7avd\u00eariy\u00ea \u00fbhevr\u00eaziya gi\u015ft\u00ee, li darxistin Herwiha civat\u00ea [&hellip;]<\/p>\n","protected":false},"author":1,"featured_media":8218,"comment_status":"open","ping_status":"open","sticky":false,"template":"","format":"standard","meta":[],"categories":[8,15],"tags":[],"_links":{"self":[{"href":"http:\/\/eslahkurd.org\/index.php?rest_route=\/wp\/v2\/posts\/8216"}],"collection":[{"href":"http:\/\/eslahkurd.org\/index.php?rest_route=\/wp\/v2\/posts"}],"about":[{"href":"http:\/\/eslahkurd.org\/index.php?rest_route=\/wp\/v2\/types\/post"}],"author":[{"embeddable":true,"href":"http:\/\/eslahkurd.org\/index.php?rest_route=\/wp\/v2\/users\/1"}],"replies":[{"embeddable":true,"href":"http:\/\/eslahkurd.org\/index.php?rest_route=%2Fwp%2Fv2%2Fcomments&post=8216"}],"version-history":[{"count":3,"href":"http:\/\/eslahkurd.org\/index.php?rest_route=\/wp\/v2\/posts\/8216\/revisions"}],"predecessor-version":[{"id":8223,"href":"http:\/\/eslahkurd.org\/index.php?rest_route=\/wp\/v2\/posts\/8216\/revisions\/8223"}],"wp:featuredmedia":[{"embeddable":true,"href":"http:\/\/eslahkurd.org\/index.php?rest_route=\/wp\/v2\/media\/8218"}],"wp:attachment":[{"href":"http:\/\/eslahkurd.org\/index.php?rest_route=%2Fwp%2Fv2%2Fmedia&parent=8216"}],"wp:term":[{"taxonomy":"category","embeddable":true,"href":"http:\/\/eslahkurd.org\/index.php?rest_route=%2Fwp%2Fv2%2Fcategories&post=8216"},{"taxonomy":"post_tag","embeddable":true,"href":"http:\/\/eslahkurd.org\/index.php?rest_route=%2Fwp%2Fv2%2Ftags&post=8216"}],"curies":[{"name":"wp","href":"https:\/\/api.w.org\/{rel}","templated":true}]}}